{"id":955,"date":"2014-11-12T14:43:56","date_gmt":"2014-11-12T13:43:56","guid":{"rendered":"http:\/\/www.nvssf.com\/forbundet\/?p=955"},"modified":"2020-02-26T13:45:22","modified_gmt":"2020-02-26T12:45:22","slug":"stormastare-i-hask-blixten","status":"publish","type":"post","link":"https:\/\/www.nvssf.com\/forbundet\/stormastare-i-hask-blixten\/","title":{"rendered":"Storm\u00e4stare i HASK Blixten"},"content":{"rendered":"<div id=\"attachment_958\" style=\"width: 310px\" class=\"wp-caption alignleft\"><a href=\"https:\/\/www.nvssf.com\/forbundet\/wp-content\/uploads\/2014\/11\/brynell_hector.jpg\"><img loading=\"lazy\" decoding=\"async\" aria-describedby=\"caption-attachment-958\" class=\"size-medium wp-image-958\" src=\"https:\/\/www.nvssf.com\/forbundet\/wp-content\/uploads\/2014\/11\/brynell_hector-300x282.jpg\" alt=\"Stellan Brynell och Jonny Hector\" width=\"300\" height=\"282\" srcset=\"https:\/\/www.nvssf.com\/forbundet\/wp-content\/uploads\/2014\/11\/brynell_hector-300x282.jpg 300w, https:\/\/www.nvssf.com\/forbundet\/wp-content\/uploads\/2014\/11\/brynell_hector-318x300.jpg 318w, https:\/\/www.nvssf.com\/forbundet\/wp-content\/uploads\/2014\/11\/brynell_hector.jpg 440w\" sizes=\"(max-width: 300px) 100vw, 300px\" \/><\/a><p id=\"caption-attachment-958\" class=\"wp-caption-text\">Stellan Brynell (till v\u00e4nster) och Jonny Hector, f\u00f6rra \u00e5rets segrare i HASK Blixten.<\/p><\/div>\n<p>Storm\u00e4staren Stellan Brynell,Limhamns SK anm\u00e4lde sig idag till HASK Blixten och toppar d\u00e4rmed deltagarlistan med r\u00e5ge.<\/p>\n<p>Bland Stellans meriter finns tv\u00e5 individuella SM-titlar, 1991 och 2005. M\u00e4sterskapet 1991 spelades i Helsingborg, f\u00f6rst p\u00e5 Filbornaskolan d\u00e4r Brynell delade segern i SM-gruppen med Lars-\u00c5ke Schneider och det blev s\u00e4rspel om titeln. Det spelades senare samma \u00e5r, \u00e4ven det i Helsingborg men man hade bytt lokal till Olympiaskolans matsal. Samma lokal som HASK Blixten spelas i!<\/p>\n<p>Om det \u00e4r ett gott omen vet jag inte men att Stellan slutar p\u00e5 en topplacering i HASK Blixten \u00e4r ingen h\u00f6goddsare.<\/p>\n","protected":false},"excerpt":{"rendered":"<p>Storm\u00e4staren Stellan Brynell,Limhamns SK anm\u00e4lde sig idag till HASK Blixten och toppar d\u00e4rmed deltagarlistan med r\u00e5ge. Bland Stellans meriter finns tv\u00e5 individuella SM-titlar, 1991 och 2005. M\u00e4sterskapet 1991 spelades i Helsingborg, f\u00f6rst p\u00e5 Filbornaskolan d\u00e4r Brynell delade segern i SM-gruppen &hellip; <a href=\"https:\/\/www.nvssf.com\/forbundet\/stormastare-i-hask-blixten\/\">Forts\u00e4tt l\u00e4sa <span class=\"meta-nav\">&rarr;<\/span><\/a><\/p>\n","protected":false},"author":2,"featured_media":0,"comment_status":"open","ping_status":"open","sticky":false,"template":"","format":"standard","meta":{"_acf_changed":false,"footnotes":""},"categories":[17,14,16],"tags":[],"acf":[],"_links":{"self":[{"href":"https:\/\/www.nvssf.com\/forbundet\/wp-json\/wp\/v2\/posts\/955"}],"collection":[{"href":"https:\/\/www.nvssf.com\/forbundet\/wp-json\/wp\/v2\/posts"}],"about":[{"href":"https:\/\/www.nvssf.com\/forbundet\/wp-json\/wp\/v2\/types\/post"}],"author":[{"embeddable":true,"href":"https:\/\/www.nvssf.com\/forbundet\/wp-json\/wp\/v2\/users\/2"}],"replies":[{"embeddable":true,"href":"https:\/\/www.nvssf.com\/forbundet\/wp-json\/wp\/v2\/comments?post=955"}],"version-history":[{"count":1,"href":"https:\/\/www.nvssf.com\/forbundet\/wp-json\/wp\/v2\/posts\/955\/revisions"}],"predecessor-version":[{"id":8443,"href":"https:\/\/www.nvssf.com\/forbundet\/wp-json\/wp\/v2\/posts\/955\/revisions\/8443"}],"wp:attachment":[{"href":"https:\/\/www.nvssf.com\/forbundet\/wp-json\/wp\/v2\/media?parent=955"}],"wp:term":[{"taxonomy":"category","embeddable":true,"href":"https:\/\/www.nvssf.com\/forbundet\/wp-json\/wp\/v2\/categories?post=955"},{"taxonomy":"post_tag","embeddable":true,"href":"https:\/\/www.nvssf.com\/forbundet\/wp-json\/wp\/v2\/tags?post=955"}],"curies":[{"name":"wp","href":"https:\/\/api.w.org\/{rel}","templated":true}]}}