{"id":9564,"date":"2021-01-14T14:33:25","date_gmt":"2021-01-14T13:33:25","guid":{"rendered":"http:\/\/www.nvssf.com\/forbundet\/?p=9564"},"modified":"2021-01-14T15:04:12","modified_gmt":"2021-01-14T14:04:12","slug":"skanes-juniorserie-avbryts","status":"publish","type":"post","link":"https:\/\/www.nvssf.com\/forbundet\/skanes-juniorserie-avbryts\/","title":{"rendered":"Sk\u00e5nes juniorserie avbryts"},"content":{"rendered":"<p><a href=\"https:\/\/www.nvssf.com\/forbundet\/wp-content\/uploads\/2015\/02\/skaneschack.gif\"><img loading=\"lazy\" decoding=\"async\" class=\"alignleft size-full wp-image-1267\" src=\"https:\/\/www.nvssf.com\/forbundet\/wp-content\/uploads\/2015\/02\/skaneschack.gif\" alt=\"\" width=\"71\" height=\"74\" \/><\/a><a href=\"http:\/\/skaneschack.se\/\" target=\"_blank\" rel=\"noopener\">Sk\u00e5nes Schackf\u00f6rbund<\/a> hade styrelsem\u00f6te ig\u00e5r (13 januari) och beslutade d\u00e5 att st\u00e4lla in resterande matcher s\u00e4songen 2020\/2021 i <a href=\"https:\/\/member.schack.se\/ShowTournamentServlet?id=8587\" target=\"_blank\" rel=\"noopener\">Sk\u00e5nes juniorserie<\/a>, beslutet g\u00e4ller f\u00f6r samtliga divisioner. Det blir helt enkelt praktiskt om\u00f6jligt att arrangera resterande minisammandrag n\u00e4r ovissheten \u00e4r s\u00e5 stor hur l\u00e4get kommer att bli under v\u00e5ren. Corona pandemin st\u00e4ller till det \u00e5terigen.<\/p>\n<p>Styrelsen tog \u00e4ven ett beslut om att <a href=\"https:\/\/member.schack.se\/ShowTournamentServlet?id=8584\" target=\"_blank\" rel=\"noopener\">Allsk\u00e5nskans<\/a> spelstopp ut\u00f6kas med en m\u00e5nad till mars m\u00e5nad. Besked kommer i februari om det blir spel i mars.<\/p>\n","protected":false},"excerpt":{"rendered":"<p>Sk\u00e5nes Schackf\u00f6rbund hade styrelsem\u00f6te ig\u00e5r (13 januari) och beslutade d\u00e5 att st\u00e4lla in resterande matcher s\u00e4songen 2020\/2021 i Sk\u00e5nes juniorserie, beslutet g\u00e4ller f\u00f6r samtliga divisioner. Det blir helt enkelt praktiskt om\u00f6jligt att arrangera resterande minisammandrag n\u00e4r ovissheten \u00e4r s\u00e5 stor &hellip; <a href=\"https:\/\/www.nvssf.com\/forbundet\/skanes-juniorserie-avbryts\/\">Forts\u00e4tt l\u00e4sa <span class=\"meta-nav\">&rarr;<\/span><\/a><\/p>\n","protected":false},"author":2,"featured_media":0,"comment_status":"open","ping_status":"open","sticky":false,"template":"","format":"standard","meta":{"_acf_changed":false,"footnotes":""},"categories":[12,13,9,14],"tags":[],"acf":[],"_links":{"self":[{"href":"https:\/\/www.nvssf.com\/forbundet\/wp-json\/wp\/v2\/posts\/9564"}],"collection":[{"href":"https:\/\/www.nvssf.com\/forbundet\/wp-json\/wp\/v2\/posts"}],"about":[{"href":"https:\/\/www.nvssf.com\/forbundet\/wp-json\/wp\/v2\/types\/post"}],"author":[{"embeddable":true,"href":"https:\/\/www.nvssf.com\/forbundet\/wp-json\/wp\/v2\/users\/2"}],"replies":[{"embeddable":true,"href":"https:\/\/www.nvssf.com\/forbundet\/wp-json\/wp\/v2\/comments?post=9564"}],"version-history":[{"count":1,"href":"https:\/\/www.nvssf.com\/forbundet\/wp-json\/wp\/v2\/posts\/9564\/revisions"}],"predecessor-version":[{"id":9568,"href":"https:\/\/www.nvssf.com\/forbundet\/wp-json\/wp\/v2\/posts\/9564\/revisions\/9568"}],"wp:attachment":[{"href":"https:\/\/www.nvssf.com\/forbundet\/wp-json\/wp\/v2\/media?parent=9564"}],"wp:term":[{"taxonomy":"category","embeddable":true,"href":"https:\/\/www.nvssf.com\/forbundet\/wp-json\/wp\/v2\/categories?post=9564"},{"taxonomy":"post_tag","embeddable":true,"href":"https:\/\/www.nvssf.com\/forbundet\/wp-json\/wp\/v2\/tags?post=9564"}],"curies":[{"name":"wp","href":"https:\/\/api.w.org\/{rel}","templated":true}]}}