{"id":9700,"date":"2021-02-17T21:23:27","date_gmt":"2021-02-17T20:23:27","guid":{"rendered":"http:\/\/www.nvssf.com\/forbundet\/?p=9700"},"modified":"2022-03-28T09:53:29","modified_gmt":"2022-03-28T07:53:29","slug":"masken-alen-online","status":"publish","type":"post","link":"https:\/\/www.nvssf.com\/forbundet\/masken-alen-online\/","title":{"rendered":"Masken\/\u00c5len online"},"content":{"rendered":"<p>Denna g\u00e5ng kommer den klassiska ungdomst\u00e4vlingen som arrangeras av Sk\u00e5nes Schackf\u00f6rbund och SK Sandl\u00f6paren att spelas online p\u00e5 <a href=\"https:\/\/lichess.org\/\" target=\"_blank\" rel=\"noopener\">lichess<\/a>. Speldag kommer att bli den 27:e februari. Se <span class=\"removed_link\" title=\"https:\/\/www.nvssf.com\/forbundet\/wp-content\/uploads\/2021\/02\/MaskenAlen2021.pdf\">inbjudan<\/span> f\u00f6r fullst\u00e4ndig information.<\/p>\n","protected":false},"excerpt":{"rendered":"<p>Denna g\u00e5ng kommer den klassiska ungdomst\u00e4vlingen som arrangeras av Sk\u00e5nes Schackf\u00f6rbund och SK Sandl\u00f6paren att spelas online p\u00e5 lichess. Speldag kommer att bli den 27:e februari. Se inbjudan f\u00f6r fullst\u00e4ndig information.<\/p>\n","protected":false},"author":2,"featured_media":0,"comment_status":"open","ping_status":"open","sticky":false,"template":"","format":"standard","meta":{"_acf_changed":false,"footnotes":""},"categories":[7,9,113,14],"tags":[],"acf":[],"_links":{"self":[{"href":"https:\/\/www.nvssf.com\/forbundet\/wp-json\/wp\/v2\/posts\/9700"}],"collection":[{"href":"https:\/\/www.nvssf.com\/forbundet\/wp-json\/wp\/v2\/posts"}],"about":[{"href":"https:\/\/www.nvssf.com\/forbundet\/wp-json\/wp\/v2\/types\/post"}],"author":[{"embeddable":true,"href":"https:\/\/www.nvssf.com\/forbundet\/wp-json\/wp\/v2\/users\/2"}],"replies":[{"embeddable":true,"href":"https:\/\/www.nvssf.com\/forbundet\/wp-json\/wp\/v2\/comments?post=9700"}],"version-history":[{"count":1,"href":"https:\/\/www.nvssf.com\/forbundet\/wp-json\/wp\/v2\/posts\/9700\/revisions"}],"predecessor-version":[{"id":11410,"href":"https:\/\/www.nvssf.com\/forbundet\/wp-json\/wp\/v2\/posts\/9700\/revisions\/11410"}],"wp:attachment":[{"href":"https:\/\/www.nvssf.com\/forbundet\/wp-json\/wp\/v2\/media?parent=9700"}],"wp:term":[{"taxonomy":"category","embeddable":true,"href":"https:\/\/www.nvssf.com\/forbundet\/wp-json\/wp\/v2\/categories?post=9700"},{"taxonomy":"post_tag","embeddable":true,"href":"https:\/\/www.nvssf.com\/forbundet\/wp-json\/wp\/v2\/tags?post=9700"}],"curies":[{"name":"wp","href":"https:\/\/api.w.org\/{rel}","templated":true}]}}