{"id":9714,"date":"2021-02-25T17:06:38","date_gmt":"2021-02-25T16:06:38","guid":{"rendered":"http:\/\/www.nvssf.com\/forbundet\/?p=9714"},"modified":"2021-02-25T17:06:38","modified_gmt":"2021-02-25T16:06:38","slug":"installt-seriespel-allskanskan-och-distriktsserien-avslutas","status":"publish","type":"post","link":"https:\/\/www.nvssf.com\/forbundet\/installt-seriespel-allskanskan-och-distriktsserien-avslutas\/","title":{"rendered":"Inst\u00e4llt seriespel &#8211; Allsk\u00e5nskan och Distriktsserien avslutas"},"content":{"rendered":"<p><a href=\"https:\/\/www.nvssf.com\/forbundet\/wp-content\/uploads\/2015\/02\/skaneschack.gif\"><img loading=\"lazy\" decoding=\"async\" class=\"alignleft size-full wp-image-1267\" src=\"https:\/\/www.nvssf.com\/forbundet\/wp-content\/uploads\/2015\/02\/skaneschack.gif\" alt=\"\" width=\"71\" height=\"74\" \/><\/a><a href=\"http:\/\/skaneschack.se\/uncategorized\/installt-seriespel\/\" target=\"_blank\" rel=\"noopener\">Sk\u00e5nes Schackf\u00f6rbund<\/a> meddelar f\u00f6ljande p\u00e5 deras hemsida:<\/p>\n<blockquote>\n<div class=\"entry-content\">P\u00e5 Sk\u00e5nes Schackf\u00f6rbunds styrelsem\u00f6te 2021-02-24 beslutades f\u00f6ljande (p.g.a. covid 19):* Allsk\u00e5nskan 20\/21 och Distriktsserien 20\/21 \u00e4r inst\u00e4llda. Inget mer spel denna s\u00e4songen.<\/p>\n<\/div>\n<\/blockquote>\n<p>Man f\u00e5r verkligen hoppas detta snart ska ta slut, undertecknad l\u00e4ngtar verkligen efter att f\u00e5 spela OTB. Det d\u00e4r sista var utrikiska och \u00e4r en f\u00f6rkortning f\u00f6r &#8217;Over the Board&#8217; = &#8217;Vid br\u00e4dan&#8217;. Det har jag plockat upp ifr\u00e5n de yngre och coolare schackspelarna.<\/p>\n","protected":false},"excerpt":{"rendered":"<p>Sk\u00e5nes Schackf\u00f6rbund meddelar f\u00f6ljande p\u00e5 deras hemsida: P\u00e5 Sk\u00e5nes Schackf\u00f6rbunds styrelsem\u00f6te 2021-02-24 beslutades f\u00f6ljande (p.g.a. covid 19):* Allsk\u00e5nskan 20\/21 och Distriktsserien 20\/21 \u00e4r inst\u00e4llda. Inget mer spel denna s\u00e4songen. Man f\u00e5r verkligen hoppas detta snart ska ta slut, undertecknad l\u00e4ngtar &hellip; <a href=\"https:\/\/www.nvssf.com\/forbundet\/installt-seriespel-allskanskan-och-distriktsserien-avslutas\/\">Forts\u00e4tt l\u00e4sa <span class=\"meta-nav\">&rarr;<\/span><\/a><\/p>\n","protected":false},"author":2,"featured_media":0,"comment_status":"open","ping_status":"open","sticky":false,"template":"","format":"standard","meta":{"_acf_changed":false,"footnotes":""},"categories":[12,13],"tags":[],"acf":[],"_links":{"self":[{"href":"https:\/\/www.nvssf.com\/forbundet\/wp-json\/wp\/v2\/posts\/9714"}],"collection":[{"href":"https:\/\/www.nvssf.com\/forbundet\/wp-json\/wp\/v2\/posts"}],"about":[{"href":"https:\/\/www.nvssf.com\/forbundet\/wp-json\/wp\/v2\/types\/post"}],"author":[{"embeddable":true,"href":"https:\/\/www.nvssf.com\/forbundet\/wp-json\/wp\/v2\/users\/2"}],"replies":[{"embeddable":true,"href":"https:\/\/www.nvssf.com\/forbundet\/wp-json\/wp\/v2\/comments?post=9714"}],"version-history":[{"count":1,"href":"https:\/\/www.nvssf.com\/forbundet\/wp-json\/wp\/v2\/posts\/9714\/revisions"}],"predecessor-version":[{"id":9715,"href":"https:\/\/www.nvssf.com\/forbundet\/wp-json\/wp\/v2\/posts\/9714\/revisions\/9715"}],"wp:attachment":[{"href":"https:\/\/www.nvssf.com\/forbundet\/wp-json\/wp\/v2\/media?parent=9714"}],"wp:term":[{"taxonomy":"category","embeddable":true,"href":"https:\/\/www.nvssf.com\/forbundet\/wp-json\/wp\/v2\/categories?post=9714"},{"taxonomy":"post_tag","embeddable":true,"href":"https:\/\/www.nvssf.com\/forbundet\/wp-json\/wp\/v2\/tags?post=9714"}],"curies":[{"name":"wp","href":"https:\/\/api.w.org\/{rel}","templated":true}]}}