{"id":9784,"date":"2021-03-15T15:26:23","date_gmt":"2021-03-15T14:26:23","guid":{"rendered":"http:\/\/www.nvssf.com\/forbundet\/?p=9784"},"modified":"2021-03-15T15:26:23","modified_gmt":"2021-03-15T14:26:23","slug":"valberedningens-forslag-till-arsmotet","status":"publish","type":"post","link":"https:\/\/www.nvssf.com\/forbundet\/valberedningens-forslag-till-arsmotet\/","title":{"rendered":"Valberedningens f\u00f6rslag till \u00e5rsm\u00f6tet"},"content":{"rendered":"<p><a href=\"https:\/\/www.nvssf.com\/forbundet\/wp-content\/uploads\/2014\/03\/nvssfsidhuvud2.jpg\"><img loading=\"lazy\" decoding=\"async\" class=\"aligncenter size-medium wp-image-8\" src=\"https:\/\/www.nvssf.com\/forbundet\/wp-content\/uploads\/2014\/03\/nvssfsidhuvud2-300x86.jpg\" alt=\"\" width=\"300\" height=\"86\" srcset=\"https:\/\/www.nvssf.com\/forbundet\/wp-content\/uploads\/2014\/03\/nvssfsidhuvud2-300x86.jpg 300w, https:\/\/www.nvssf.com\/forbundet\/wp-content\/uploads\/2014\/03\/nvssfsidhuvud2-500x144.jpg 500w, https:\/\/www.nvssf.com\/forbundet\/wp-content\/uploads\/2014\/03\/nvssfsidhuvud2.jpg 1000w\" sizes=\"(max-width: 300px) 100vw, 300px\" \/><\/a>F\u00f6ljande har skickats till mig ifr\u00e5n valberedningen (Lars Persson och Viktor Lundberg):<\/p>\n<p>&#8221;Val av ordf\u00f6rande:<\/p>\n<p>Stefan H\u00e5kansson, omval 1\u00e5r<\/p>\n<p>&nbsp;<\/p>\n<p>Val av viceordf\u00f6rande:<\/p>\n<p>Cai Jussila, omval 1\u00e5r<\/p>\n<p>&nbsp;<\/p>\n<p>Val av kass\u00f6r:<\/p>\n<p>Fredrik Sievert, omval 2\u00e5r<\/p>\n<p>&nbsp;<\/p>\n<p>Sekreterare:<\/p>\n<p>Roland Johansson, 1\u00e5r kvar<\/p>\n<p>&nbsp;<\/p>\n<p>Val av ledamot:<\/p>\n<p>&#8212;&#8212;&#8212;&#8212;&#8211;\u00c2\u00a0 , Fyllnadsval 1\u00e5r<\/p>\n<p>&nbsp;<\/p>\n<p>Val av suppleant:<\/p>\n<p>Mikael Svensson, omval 1\u00e5r<\/p>\n<p>&nbsp;<\/p>\n<p>Val av revisorer:<\/p>\n<p>Daniel Johansson och Ted Sandbech<\/p>\n<p>Revisorssuppleant<\/p>\n<p>Johan Knutsson, omval 1\u00e5r\u00c2\u00a0 &#8221;<\/p>\n","protected":false},"excerpt":{"rendered":"<p>F\u00f6ljande har skickats till mig ifr\u00e5n valberedningen (Lars Persson och Viktor Lundberg): &#8221;Val av ordf\u00f6rande: Stefan H\u00e5kansson, omval 1\u00e5r &nbsp; Val av viceordf\u00f6rande: Cai Jussila, omval 1\u00e5r &nbsp; Val av kass\u00f6r: Fredrik Sievert, omval 2\u00e5r &nbsp; Sekreterare: Roland Johansson, 1\u00e5r &hellip; <a href=\"https:\/\/www.nvssf.com\/forbundet\/valberedningens-forslag-till-arsmotet\/\">Forts\u00e4tt l\u00e4sa <span class=\"meta-nav\">&rarr;<\/span><\/a><\/p>\n","protected":false},"author":2,"featured_media":0,"comment_status":"open","ping_status":"open","sticky":false,"template":"","format":"standard","meta":{"_acf_changed":false,"footnotes":""},"categories":[104,13],"tags":[],"acf":[],"_links":{"self":[{"href":"https:\/\/www.nvssf.com\/forbundet\/wp-json\/wp\/v2\/posts\/9784"}],"collection":[{"href":"https:\/\/www.nvssf.com\/forbundet\/wp-json\/wp\/v2\/posts"}],"about":[{"href":"https:\/\/www.nvssf.com\/forbundet\/wp-json\/wp\/v2\/types\/post"}],"author":[{"embeddable":true,"href":"https:\/\/www.nvssf.com\/forbundet\/wp-json\/wp\/v2\/users\/2"}],"replies":[{"embeddable":true,"href":"https:\/\/www.nvssf.com\/forbundet\/wp-json\/wp\/v2\/comments?post=9784"}],"version-history":[{"count":1,"href":"https:\/\/www.nvssf.com\/forbundet\/wp-json\/wp\/v2\/posts\/9784\/revisions"}],"predecessor-version":[{"id":9785,"href":"https:\/\/www.nvssf.com\/forbundet\/wp-json\/wp\/v2\/posts\/9784\/revisions\/9785"}],"wp:attachment":[{"href":"https:\/\/www.nvssf.com\/forbundet\/wp-json\/wp\/v2\/media?parent=9784"}],"wp:term":[{"taxonomy":"category","embeddable":true,"href":"https:\/\/www.nvssf.com\/forbundet\/wp-json\/wp\/v2\/categories?post=9784"},{"taxonomy":"post_tag","embeddable":true,"href":"https:\/\/www.nvssf.com\/forbundet\/wp-json\/wp\/v2\/tags?post=9784"}],"curies":[{"name":"wp","href":"https:\/\/api.w.org\/{rel}","templated":true}]}}