{"id":9919,"date":"2021-04-05T11:27:39","date_gmt":"2021-04-05T09:27:39","guid":{"rendered":"http:\/\/www.nvssf.com\/forbundet\/?p=9919"},"modified":"2022-02-01T09:49:45","modified_gmt":"2022-02-01T08:49:45","slug":"sverigemastarklassen-uttagen-till-sm-i-helsingborg","status":"publish","type":"post","link":"https:\/\/www.nvssf.com\/forbundet\/sverigemastarklassen-uttagen-till-sm-i-helsingborg\/","title":{"rendered":"Sverigem\u00e4starklassen uttagen till SM i Helsingborg"},"content":{"rendered":"<p><span class=\"removed_link\" title=\"https:\/\/www.nvssf.com\/forbundet\/wp-content\/uploads\/2021\/03\/puff-schack-sm-298x225-1.png\"><img loading=\"lazy\" decoding=\"async\" class=\"alignleft size-thumbnail wp-image-9793\" src=\"https:\/\/www.nvssf.com\/forbundet\/wp-content\/uploads\/2021\/03\/puff-schack-sm-298x225-1-150x113.png\" alt=\"\" width=\"150\" height=\"113\" srcset=\"https:\/\/www.nvssf.com\/forbundet\/wp-content\/uploads\/2021\/03\/puff-schack-sm-298x225-1-150x113.png 150w, https:\/\/www.nvssf.com\/forbundet\/wp-content\/uploads\/2021\/03\/puff-schack-sm-298x225-1.png 298w\" sizes=\"(max-width: 150px) 100vw, 150px\" \/><\/span>Som alla f\u00f6rst\u00e5r s\u00e5 \u00e4r det lite os\u00e4kert om alla klasser kan genomf\u00f6ras i Helsingborg n\u00e4r det dags f\u00f6r SM. Helt om\u00f6jligt att veta corona l\u00e4get n\u00e4r det dags att dra de f\u00f6rsta dragen i Helsingborgs Arena den 2 juli. Det \u00e4r dock klart att Sverigem\u00e4starklassen ska spelas. Med 10 deltagare i klassen s\u00e5 ska det inte vara n\u00e5got problem att spela turneringen och utse en Sverigem\u00e4stare.<\/p>\n<p>F\u00f6ljande spelare \u00e4r uttagna:<\/p>\n\n<table id=\"tablepress-129\" class=\"tablepress tablepress-id-129\">\n<thead>\n<tr class=\"row-1\">\n\t<td class=\"column-1\"><\/td><th class=\"column-2\">Namn<\/th><th class=\"column-3\">Klubb<\/th><th class=\"column-4\">ELO<\/th>\n<\/tr>\n<\/thead>\n<tbody class=\"row-striping row-hover\">\n<tr class=\"row-2\">\n\t<td class=\"column-1\">1<\/td><td class=\"column-2\">Tiger Hillarp<\/td><td class=\"column-3\">Lunds ASK<\/td><td class=\"column-4\">2538<\/td>\n<\/tr>\n<tr class=\"row-3\">\n\t<td class=\"column-1\">2<\/td><td class=\"column-2\">Erik Blomqvist<\/td><td class=\"column-3\">SK Rockaden,Sthlm<\/td><td class=\"column-4\">2535<\/td>\n<\/tr>\n<tr class=\"row-4\">\n\t<td class=\"column-1\">3<\/td><td class=\"column-2\">Jonathan Westerberg<\/td><td class=\"column-3\">Stockholms SS<\/td><td class=\"column-4\">2534<\/td>\n<\/tr>\n<tr class=\"row-5\">\n\t<td class=\"column-1\">4<\/td><td class=\"column-2\">Jonny Hector<\/td><td class=\"column-3\">Limhamns SK<\/td><td class=\"column-4\">2485<\/td>\n<\/tr>\n<tr class=\"row-6\">\n\t<td class=\"column-1\">6<\/td><td class=\"column-2\">Jung Min Seo<\/td><td class=\"column-3\">Stockholms SS<\/td><td class=\"column-4\">2453<\/td>\n<\/tr>\n<tr class=\"row-7\">\n\t<td class=\"column-1\">5<\/td><td class=\"column-2\">Pia Cramling<\/td><td class=\"column-3\">Wasa SK<\/td><td class=\"column-4\">2449<\/td>\n<\/tr>\n<tr class=\"row-8\">\n\t<td class=\"column-1\">7<\/td><td class=\"column-2\">Axel Smith<\/td><td class=\"column-3\">Lunds ASK<\/td><td class=\"column-4\">2449<\/td>\n<\/tr>\n<tr class=\"row-9\">\n\t<td class=\"column-1\">8<\/td><td class=\"column-2\">Michael Wiedenkeller<\/td><td class=\"column-3\">SK Rockaden,Sthlm<\/td><td class=\"column-4\">2445<\/td>\n<\/tr>\n<tr class=\"row-10\">\n\t<td class=\"column-1\">9<\/td><td class=\"column-2\">Martin Lokander<\/td><td class=\"column-3\">Stockholms SS<\/td><td class=\"column-4\">2437<\/td>\n<\/tr>\n<tr class=\"row-11\">\n\t<td class=\"column-1\">10<\/td><td class=\"column-2\">Isak Storme<\/td><td class=\"column-3\">SS Manhem<\/td><td class=\"column-4\">2397<\/td>\n<\/tr>\n<\/tbody>\n<\/table>\n<!-- #tablepress-129 from cache -->\n<p>Som lokalpatrioter s\u00e5 h\u00e5ller vi nordv\u00e4stsk\u00e5ningar sj\u00e4lvfallet p\u00e5 Jonny Hector, han bor endast en kort f\u00e4rjetur p\u00e5 ca 20 minuter ifr\u00e5n Helsingborg. Jonny slog ner sina bop\u00e5lar i Helsing\u00f6r f\u00f6r m\u00e5nga \u00e5r sen. Han spelar f\u00f6r <a href=\"http:\/\/www.limhamnssk.se\/\" target=\"_blank\" rel=\"noopener\">Limhamns SK<\/a>.<\/p>\n<p>L\u00e4s mer p\u00e5 Sveriges Schackf\u00f6rbunds <a href=\"https:\/\/schack.se\/nyhet\/okategoriserade\/2021\/04\/sverigemastarklassen-2021\/\" target=\"_blank\" rel=\"noopener\">hemsida<\/a>. Bland annat s\u00e5 intervjuas en av f\u00f6rhandsfavoriterna Jonathan Westerberg.<\/p>\n","protected":false},"excerpt":{"rendered":"<p>Som alla f\u00f6rst\u00e5r s\u00e5 \u00e4r det lite os\u00e4kert om alla klasser kan genomf\u00f6ras i Helsingborg n\u00e4r det dags f\u00f6r SM. Helt om\u00f6jligt att veta corona l\u00e4get n\u00e4r det dags att dra de f\u00f6rsta dragen i Helsingborgs Arena den 2 juli. &hellip; <a href=\"https:\/\/www.nvssf.com\/forbundet\/sverigemastarklassen-uttagen-till-sm-i-helsingborg\/\">Forts\u00e4tt l\u00e4sa <span class=\"meta-nav\">&rarr;<\/span><\/a><\/p>\n","protected":false},"author":2,"featured_media":0,"comment_status":"open","ping_status":"open","sticky":false,"template":"","format":"standard","meta":{"_acf_changed":false,"footnotes":""},"categories":[13,131,14,16],"tags":[],"acf":[],"_links":{"self":[{"href":"https:\/\/www.nvssf.com\/forbundet\/wp-json\/wp\/v2\/posts\/9919"}],"collection":[{"href":"https:\/\/www.nvssf.com\/forbundet\/wp-json\/wp\/v2\/posts"}],"about":[{"href":"https:\/\/www.nvssf.com\/forbundet\/wp-json\/wp\/v2\/types\/post"}],"author":[{"embeddable":true,"href":"https:\/\/www.nvssf.com\/forbundet\/wp-json\/wp\/v2\/users\/2"}],"replies":[{"embeddable":true,"href":"https:\/\/www.nvssf.com\/forbundet\/wp-json\/wp\/v2\/comments?post=9919"}],"version-history":[{"count":1,"href":"https:\/\/www.nvssf.com\/forbundet\/wp-json\/wp\/v2\/posts\/9919\/revisions"}],"predecessor-version":[{"id":11154,"href":"https:\/\/www.nvssf.com\/forbundet\/wp-json\/wp\/v2\/posts\/9919\/revisions\/11154"}],"wp:attachment":[{"href":"https:\/\/www.nvssf.com\/forbundet\/wp-json\/wp\/v2\/media?parent=9919"}],"wp:term":[{"taxonomy":"category","embeddable":true,"href":"https:\/\/www.nvssf.com\/forbundet\/wp-json\/wp\/v2\/categories?post=9919"},{"taxonomy":"post_tag","embeddable":true,"href":"https:\/\/www.nvssf.com\/forbundet\/wp-json\/wp\/v2\/tags?post=9919"}],"curies":[{"name":"wp","href":"https:\/\/api.w.org\/{rel}","templated":true}]}}