{"id":145,"count":2,"description":"T\u00e4vlingen ing\u00e5r i Sk\u00e5nes Junior Grand Prix","link":"https:\/\/www.nvssf.com\/forbundet\/kalender\/kategori\/skanes-junior-gp\/","name":"Sk\u00e5nes SF Junior-GP","slug":"skanes-junior-gp","taxonomy":"tribe_events_cat","parent":0,"meta":[],"acf":[],"_links":{"self":[{"href":"https:\/\/www.nvssf.com\/forbundet\/wp-json\/wp\/v2\/tribe_events_cat\/145"}],"collection":[{"href":"https:\/\/www.nvssf.com\/forbundet\/wp-json\/wp\/v2\/tribe_events_cat"}],"about":[{"href":"https:\/\/www.nvssf.com\/forbundet\/wp-json\/wp\/v2\/taxonomies\/tribe_events_cat"}],"wp:post_type":[{"href":"https:\/\/www.nvssf.com\/forbundet\/wp-json\/wp\/v2\/tribe_events?tribe_events_cat=145"}],"curies":[{"name":"wp","href":"https:\/\/api.w.org\/{rel}","templated":true}]}}